{"id":12211,"date":"2024-07-04T22:04:04","date_gmt":"2024-07-04T20:04:04","guid":{"rendered":"https:\/\/www.standwithukraineeurope.com\/?p=12211"},"modified":"2025-05-05T16:56:48","modified_gmt":"2025-05-05T14:56:48","slug":"ponad-160-kandidativ-na-parlamentskix-viborax-vzyali-na-sebe-zobovyazannya-pered-ukrayinoyu","status":"publish","type":"post","link":"https:\/\/www.standwithukraineeurope.com\/ua\/ponad-160-kandidativ-na-parlamentskix-viborax-vzyali-na-sebe-zobovyazannya-pered-ukrayinoyu\/","title":{"rendered":"\u041f\u043e\u043d\u0430\u0434 160 \u043a\u0430\u043d\u0434\u0438\u0434\u0430\u0442\u0456\u0432 \u043d\u0430 \u043f\u0430\u0440\u043b\u0430\u043c\u0435\u043d\u0442\u0441\u044c\u043a\u0438\u0445 \u0432\u0438\u0431\u043e\u0440\u0430\u0445 \u0432\u0437\u044f\u043b\u0438 \u043d\u0430 \u0441\u0435\u0431\u0435 \u0437\u043e\u0431\u043e\u0432&#8217;\u044f\u0437\u0430\u043d\u043d\u044f \u043f\u0435\u0440\u0435\u0434 \u0423\u043a\u0440\u0430\u0457\u043d\u043e\u044e"},"content":{"rendered":"<p>\u0423 \u0447\u0430\u0441, \u043a\u043e\u043b\u0438 \u043f\u043e\u043b\u0456\u0442\u0438\u0447\u043d\u0456 \u0441\u0442\u0430\u0432\u043a\u0438 \u043e\u0441\u043e\u0431\u043b\u0438\u0432\u043e \u0432\u0438\u0441\u043e\u043a\u0456, \u043d\u0435\u043e\u0431\u0445\u0456\u0434\u043d\u0456\u0441\u0442\u044c \u043f\u0456\u0434\u0442\u0440\u0438\u043c\u043a\u0438 \u0423\u043a\u0440\u0430\u0457\u043d\u0438 \u0448\u043b\u044f\u0445\u043e\u043c \u043f\u043e\u0441\u0438\u043b\u0435\u043d\u043d\u044f \u0441\u0430\u043d\u043a\u0446\u0456\u0439 \u043f\u0440\u043e\u0442\u0438 \u0420\u043e\u0441\u0456\u0457, \u043f\u0440\u043e\u0441\u0443\u0432\u0430\u043d\u043d\u044f \u0447\u043b\u0435\u043d\u0441\u0442\u0432\u0430 \u0423\u043a\u0440\u0430\u0457\u043d\u0438 \u0432 \u0404\u0432\u0440\u043e\u043f\u0435\u0439\u0441\u044c\u043a\u043e\u043c\u0443 \u0421\u043e\u044e\u0437\u0456 \u0442\u0430 \u043f\u0440\u043e\u0434\u043e\u0432\u0436\u0435\u043d\u043d\u044f \u043f\u043e\u0441\u0442\u0430\u0432\u043e\u043a \u0437\u0431\u0440\u043e\u0457 \u0432 \u0423\u043a\u0440\u0430\u0457\u043d\u0443 \u0454 \u043f\u0435\u0440\u0448\u043e\u0447\u0435\u0440\u0433\u043e\u0432\u043e\u044e. \u0421\u0430\u043c\u0435 \u0432 \u0446\u044c\u043e\u043c\u0443 \u0434\u0443\u0441\u0456 \u0441\u043e\u043b\u0456\u0434\u0430\u0440\u043d\u043e\u0441\u0442\u0456 \u043f\u043e\u043d\u0430\u0434 160 \u043a\u0430\u043d\u0434\u0438\u0434\u0430\u0442\u0456\u0432 \u043d\u0430 \u043f\u0430\u0440\u043b\u0430\u043c\u0435\u043d\u0442\u0441\u044c\u043a\u0438\u0445 \u0432\u0438\u0431\u043e\u0440\u0430\u0445 \u043f\u0456\u0434\u043f\u0438\u0441\u0430\u043b\u0438 \u043d\u0430\u0448\u0443<a href=\"https:\/\/www.standwithukraineeurope.com\/stand-with-ukraine-propose-la-signature-dune-charte-de-soutien-a-lukraine-a-tous-les-candidats-aux-elections-legislatives\/\"> \u0445\u0430\u0440\u0442\u0456\u044e, \u043f\u0456\u0434\u0442\u0432\u0435\u0440\u0434\u0436\u0443\u044e\u0447\u0438 \u0441\u0432\u043e\u044e \u043d\u0435\u043f\u043e\u0445\u0438\u0442\u043d\u0443 \u043f\u0456\u0434\u0442\u0440\u0438\u043c\u043a\u0443 \u0443\u043a\u0440\u0430\u0457\u043d\u0441\u044c\u043a\u043e\u0433\u043e \u043d\u0430\u0440\u043e\u0434\u0443.<\/a><\/p>\n<p><strong>\u041f\u0440\u043e\u0437\u043e\u0440\u0430 \u043f\u0456\u0434\u0442\u0440\u0438\u043c\u043a\u0430<\/strong><\/p>\n<p>\u0421\u0435\u0440\u0435\u0434 \u0441\u0442\u043e\u0440\u0456\u043d &#8211; \u0442\u0430\u043a\u0456 \u0437\u043d\u0430\u043a\u043e\u0432\u0456 \u043f\u043e\u0441\u0442\u0430\u0442\u0456, \u044f\u043a \u0411\u0435\u043d\u0436\u0430\u043c\u0435\u043d \u0425\u0430\u0434\u0434\u0430\u0434 (\u00ab\u0412\u0456\u0434\u0440\u043e\u0434\u0436\u0435\u043d\u043d\u044f\u00bb), \u0433\u043e\u043b\u043e\u0432\u0430 \u0433\u0440\u0443\u043f\u0438 \u0434\u0440\u0443\u0436\u0431\u0438 \u0424\u0440\u0430\u043d\u0446\u0456\u044f-\u0423\u043a\u0440\u0430\u0457\u043d\u0430 \u0432 \u041d\u0430\u0446\u0456\u043e\u043d\u0430\u043b\u044c\u043d\u0438\u0445 \u0437\u0431\u043e\u0440\u0430\u0445 \u043f\u043e\u043f\u0435\u0440\u0435\u0434\u043d\u044c\u043e\u0433\u043e \u0441\u043a\u043b\u0438\u043a\u0430\u043d\u043d\u044f, \u0420\u0430\u0444\u0430\u0435\u043b\u044c \u0413\u043b\u044e\u043a\u0441\u043c\u0430\u043d\u043d (\u00ab\u041f\u0443\u0431\u043b\u0456\u0447\u043d\u0435 \u043c\u0456\u0441\u0446\u0435\u00bb), \u041c\u0430\u0440\u0456\u043d \u0422\u043e\u043d\u0434\u0435\u043b\u044c\u0454 (\u00ab\u0415\u043a\u043e\u043b\u043e\u0433\u0438\u00bb), \u041b\u043e\u0440\u0430\u043d \u0415\u043d\u0430\u0440 (\u00ab\u0420\u0430\u0434\u0438\u043a\u0430\u043b\u044c\u043d\u0430 \u043f\u0430\u0440\u0442\u0456\u044f\u00bb), \u041e\u043b\u0456\u0432&#8217;\u0454 \u0424\u043e\u0440 (\u00ab\u0421\u043e\u0446\u0456\u0430\u043b\u0456\u0441\u0442\u0438\u0447\u043d\u0430 \u043f\u0430\u0440\u0442\u0456\u044f\u00bb), \u041c\u043e\u0434 \u0413\u0430\u0442\u0435\u043b\u044c (\u00ab\u041c\u043e\u0434\u0435\u043c\u00bb) \u0442\u0430 \u041d\u0430\u0442\u0430\u043b\u0456 \u041b\u0443\u0430\u0437\u043e (\u00ab\u0413\u043e\u0440\u0438\u0437\u043e\u043d\u0442\u0438\u00bb). \u0426\u044f \u0456\u043d\u0456\u0446\u0456\u0430\u0442\u0438\u0432\u0430 \u0432\u0438\u0445\u043e\u0434\u0438\u0442\u044c \u0437\u0430 \u043c\u0435\u0436\u0456 \u043f\u0430\u0440\u0442\u0456\u0439\u043d\u0438\u0445 \u0440\u043e\u0437\u0431\u0456\u0436\u043d\u043e\u0441\u0442\u0435\u0439, \u043e\u0431&#8217;\u0454\u0434\u043d\u0443\u044e\u0447\u0438 \u0447\u043b\u0435\u043d\u0456\u0432 \u0437 \u0448\u0438\u0440\u043e\u043a\u0438\u043c \u0441\u043f\u0435\u043a\u0442\u0440\u043e\u043c \u043f\u043e\u043b\u0456\u0442\u0438\u0447\u043d\u0438\u0445 \u043f\u043e\u0433\u043b\u044f\u0434\u0456\u0432.<\/p>\n<p>\u0411\u0430\u0433\u0430\u0442\u043e \u043d\u0438\u043d\u0456\u0448\u043d\u0456\u0445 \u0456 \u043a\u043e\u043b\u0438\u0448\u043d\u0456\u0445 \u043c\u0456\u043d\u0456\u0441\u0442\u0440\u0456\u0432 \u0443\u0440\u044f\u0434\u0443 \u0442\u0430\u043a\u043e\u0436 \u043f\u0443\u0431\u043b\u0456\u0447\u043d\u043e \u0432\u0438\u0441\u043b\u043e\u0432\u0438\u043b\u0438 \u0441\u0432\u043e\u044e \u043f\u0456\u0434\u0442\u0440\u0438\u043c\u043a\u0443: \u0421\u0442\u0430\u043d\u0456\u0441\u043b\u0430\u0441 \u0413\u0435\u0440\u0456\u043d\u0456, \u041f\u0440\u0456\u0441\u043a\u0430 \u0422\u0435\u0432\u0435\u043d\u043e, \u0415\u0440\u0456\u043a \u0412\u043e\u0440\u0442, \u0414\u0435\u043b\u044c\u0444\u0456\u043d\u0430 \u0411\u0430\u0442\u043e, \u0411\u0440\u0456\u0433\u0456\u0442\u0442\u0430 \u041a\u043b\u0456\u043d\u043a\u0435\u0440\u0442, \u041d\u0430\u0434\u044f \u0425\u0430\u0439, \u0411\u0435\u0440\u0430\u043d\u0436\u0435\u0440 \u0410\u0431\u0431\u0430, \u0410\u0443\u0440\u043e\u0440 \u0411\u0435\u0440\u0436\u0435, \u0421\u0442\u0435\u0444\u0430\u043d \u0422\u0440\u0430\u0432\u0435\u0440 \u0456 \u0410\u043d\u044c\u0454\u0441 \u0424\u0456\u0440\u043c\u0456\u043d \u041b\u0435 \u0411\u043e\u0434\u043e \u0454 \u0441\u0435\u0440\u0435\u0434 \u043f\u0456\u0434\u043f\u0438\u0441\u0430\u043d\u0442\u0456\u0432, \u0449\u043e \u043f\u043e\u0441\u0438\u043b\u044e\u0454 \u043b\u0435\u0433\u0456\u0442\u0438\u043c\u043d\u0456\u0441\u0442\u044c \u0456 \u0432\u0430\u0436\u043b\u0438\u0432\u0456\u0441\u0442\u044c \u0446\u0456\u0454\u0457 \u0445\u0430\u0440\u0442\u0456\u0457 \u0432 \u043d\u0438\u043d\u0456\u0448\u043d\u044c\u043e\u043c\u0443 \u043f\u043e\u043b\u0456\u0442\u0438\u0447\u043d\u043e\u043c\u0443 \u043a\u043e\u043d\u0442\u0435\u043a\u0441\u0442\u0456.<\/p>\n<p><img loading=\"lazy\" decoding=\"async\" class=\"aligncenter wp-image-1990\" src=\"https:\/\/www.standwithukraineeurope.com\/wp-content\/uploads\/2024\/07\/Capture-decran-2024-07-05-a-00.08.21-231x300.png\" alt=\"\" width=\"308\" height=\"400\" srcset=\"https:\/\/www.standwithukraineeurope.com\/wp-content\/uploads\/2024\/07\/Capture-decran-2024-07-05-a-00.08.21-231x300.png 231w, https:\/\/www.standwithukraineeurope.com\/wp-content\/uploads\/2024\/07\/Capture-decran-2024-07-05-a-00.08.21-790x1024.png 790w, https:\/\/www.standwithukraineeurope.com\/wp-content\/uploads\/2024\/07\/Capture-decran-2024-07-05-a-00.08.21-768x996.png 768w, https:\/\/www.standwithukraineeurope.com\/wp-content\/uploads\/2024\/07\/Capture-decran-2024-07-05-a-00.08.21.png 1078w\" sizes=\"auto, (max-width: 308px) 100vw, 308px\" \/><\/p>\n<p>\u041f\u0456\u0434\u043f\u0438\u0441\u0443\u044e\u0447\u0438 \u0446\u044e \u0445\u0430\u0440\u0442\u0456\u044e, \u043a\u0430\u043d\u0434\u0438\u0434\u0430\u0442\u0438 \u043f\u0456\u0434\u0442\u0432\u0435\u0440\u0434\u0436\u0443\u044e\u0442\u044c \u043d\u0430\u0448\u0443 \u0441\u043f\u0456\u043b\u044c\u043d\u0443 \u043c\u0435\u0442\u0443: \u0437\u0430\u0445\u0438\u0441\u0442 \u0441\u0432\u043e\u0431\u043e\u0434\u0438 \u0442\u0430 \u043b\u044e\u0434\u0441\u044c\u043a\u043e\u0457 \u0433\u0456\u0434\u043d\u043e\u0441\u0442\u0456. \u0412\u043e\u043d\u0438 \u0437\u043e\u0431\u043e\u0432&#8217;\u044f\u0437\u0443\u044e\u0442\u044c\u0441\u044f \u043f\u0456\u0434\u0442\u0440\u0438\u043c\u0443\u0432\u0430\u0442\u0438 \u043a\u043e\u043d\u043a\u0440\u0435\u0442\u043d\u0456 \u0434\u0456\u0457, \u044f\u043a\u0456 \u0434\u043e\u043f\u043e\u043c\u043e\u0436\u0443\u0442\u044c \u0423\u043a\u0440\u0430\u0457\u043d\u0456 \u043f\u043e\u0434\u043e\u043b\u0430\u0442\u0438 \u0432\u0456\u0439\u043d\u0443, \u0441\u043f\u0440\u0438\u044f\u044e\u0447\u0438 \u0441\u0442\u0432\u043e\u0440\u0435\u043d\u043d\u044e \u0444\u043e\u043d\u0434\u0443 \u043e\u0431\u043e\u0440\u043e\u043d\u0438, \u0431\u043e\u0440\u043e\u0442\u044c\u0431\u0456 \u0437 \u0440\u043e\u0441\u0456\u0439\u0441\u044c\u043a\u043e\u044e \u0434\u0435\u0437\u0456\u043d\u0444\u043e\u0440\u043c\u0430\u0446\u0456\u0454\u044e \u0442\u0430 \u0434\u043e\u043f\u043e\u043c\u043e\u0437\u0456 \u0443\u043a\u0440\u0430\u0457\u043d\u0441\u044c\u043a\u0438\u043c \u0431\u0456\u0436\u0435\u043d\u0446\u044f\u043c.<\/p>\n<p>\u0426\u044f \u043c\u043e\u0431\u0456\u043b\u0456\u0437\u0430\u0446\u0456\u044f \u0456\u043b\u044e\u0441\u0442\u0440\u0443\u0454 \u043a\u043e\u043b\u0435\u043a\u0442\u0438\u0432\u043d\u0435 \u0431\u0430\u0436\u0430\u043d\u043d\u044f \u043f\u0456\u0434\u0442\u0440\u0438\u043c\u0430\u0442\u0438 \u0423\u043a\u0440\u0430\u0457\u043d\u0443 \u0442\u0430 \u043f\u0440\u043e\u0434\u0435\u043c\u043e\u043d\u0441\u0442\u0440\u0443\u0432\u0430\u0442\u0438 \u043f\u043e\u043b\u0456\u0442\u0438\u0447\u043d\u0443 \u0454\u0434\u043d\u0456\u0441\u0442\u044c \u043f\u0435\u0440\u0435\u0434 \u043e\u0431\u043b\u0438\u0447\u0447\u044f\u043c \u043c\u0456\u0436\u043d\u0430\u0440\u043e\u0434\u043d\u0438\u0445 \u0432\u0438\u043a\u043b\u0438\u043a\u0456\u0432. \u041f\u0456\u0434\u043f\u0438\u0441\u0443\u044e\u0447\u0438 \u0446\u044e \u0445\u0430\u0440\u0442\u0456\u044e, \u043c\u0430\u0439\u0431\u0443\u0442\u043d\u0456 \u0434\u0435\u043f\u0443\u0442\u0430\u0442\u0438 \u043f\u0456\u0434\u0442\u0432\u0435\u0440\u0434\u0436\u0443\u044e\u0442\u044c, \u0449\u043e \u0441\u043e\u043b\u0456\u0434\u0430\u0440\u043d\u0456\u0441\u0442\u044c \u0437 \u0423\u043a\u0440\u0430\u0457\u043d\u043e\u044e \u0437\u0430\u043b\u0438\u0448\u0430\u0454\u0442\u044c\u0441\u044f \u0432\u0430\u0436\u043b\u0438\u0432\u0438\u043c \u043f\u0440\u0456\u043e\u0440\u0438\u0442\u0435\u0442\u043e\u043c \u0434\u043b\u044f \u0424\u0440\u0430\u043d\u0446\u0456\u0457.<\/p>\n<p>\u0421\u0442\u043e\u0440\u043e\u043d\u0438:<\/p>\n<pre>B\u00e9rang\u00e8re ABBA - Horizons\r\nVictor ALBRECHT - Renaissance\r\nPouria AMIRSHAHI - EELV\r\nPieyre-Alexandre ANGLADE - Renaissance\r\nMatthieu ANNEREAU - Renaissance\r\nAriane ARY - Modem\r\nIsabelle AUTIER - Horizons\r\nJo\u00ebl AVIRAGNET - PS\r\nMagali BAILLEUL - Place Publique\r\nL\u00e9a BALAGE EL MARIKY - EELV\r\nDelphine BATHO - G\u00e9n\u00e9ration \u00e9cologie\r\nChristian BAUME - Horizons\r\nBelkhir BELHADDAD - Renaissance\r\nMounir BELHAMITI - Renaissance\r\nAurore BERG\u00c9 - Renaissance\r\nFelix BLANC - EELV\r\nNicolas BONNET - EELV\r\nFlorent BOUDI\u00c9 - Renaissance\r\nRichard BOUIGUE - PS\r\nGeoffroy BOULARD - LR\r\nMicka\u00ebl BOULOUX - PS\r\nEvelyne BOURGOIN - EELV\r\nSarah BREFFY - Place Publique\r\nAnthony BROSSE - Renaissance\r\nC\u00e9line CALVEZ - Renaissance\r\nColette CAPDEVIELLE - PS\r\nVincent CAURE - Renaissance\r\nLionel CAUSSE - Renaissance\r\nJean-Ren\u00e9 CAZENEUVE - Renaissance\r\nYannick CHENEVARD - Renaissance\r\nMireille CLAPOT - Renaissance\r\nHadrien COISNE - Renaissance\r\nJulie COPYANS - Place Publique\r\nChristophe COQUELET - Horizons\r\nPierrick COURBON - PS\r\nLaurent CROIZIER - Modem\r\nMarie-Laure CUVELIER - Place Publique\r\nHalima DELIMI - PS\r\nJulie DELPECH - Renaissance\r\nJean-Luc DELPEUCH - EELV\r\nStella DUPONT - Renaissance\r\nI\u00f1aki ECHANIZ - PS\u00a0\r\nRomain ESKENAZI - PS\r\nLucie ETONNO - EELV\r\nOlivier FAURE - PS\r\nAgn\u00e8s FIRMIN LE BODO - Horizons\r\nTh\u00e9a FOUDRINIER - Place Publique\r\nBruno FUCHS - Modem\r\nCelline GACON - EELV\r\nBrice GAILLARD - PS\r\nGuillaume GAROT - PS\r\nMaud GATEL - Modem\r\nMuriel GAULTIER - Place Publique\r\nAnne GENETET - Renaissance\r\nRapha\u00ebl GERARD - Renaissance\r\nFran\u00e7ois GERNIGON - Horizons\r\nHadrien GHOMI - Renaissance\r\nEmma GILIBERT - Place Publique\r\nOlga GIVERNET - Renaissance\r\nRapha\u00ebl GLUCKSMANN - Place Publique\r\nOc\u00e9ane GODARD - PS\r\nEmmanuel GREGOIRE - PS\r\nJean-Carles GRELIER - Renaissance\r\nJ\u00e9r\u00f4me GUEDJ - PS\r\nStanislas GUERINI - Renaissance\r\nBenjamin HADDAD - Renaissance\r\nNadia HAI - Renaissance\r\nGuillaume HEDOUIN - EELV\r\nLaurent HENARD - Parti Radical\r\nFlorence HEROUIN-L\u00c9AUTEY - PS\r\nCatherine HERVIEU - EELV\r\nSacha HOULI\u00c9 - Renaissance\r\nPierre-Yves JOURDAIN - EELV\r\nV\u00e9ronique JURAMY - Renaissance\r\nLo\u00efc KERVRAN - Horizons\r\nAmine KESSACI - EELV\r\nBrigitte KLINKERT - Renaissance\r\nJulie LAERNOES - EELV\r\nTristan LAHAIS - G\u00e9n\u00e9ration.s\r\nThomas LAM - LR\r\nNathalie LANZI - PS\r\nOussama LARAICHI - EELV\r\nMichel LAUZZANA - Renaissance\r\nAdeline LE BARON - Place Publique\r\nConstance LE GRIP - Renaissance\r\nChristine LE NABOUR - Renaissance\r\nB\u00e9atrice LECCIA - EELV\r\nPascaline L\u00c9CORCH\u00c9 - Place Publique\r\nG\u00e9rard LESEUL - PS\r\nBrigitte LISO - Renaissance\r\nNathalie LOISEAU - Horizons\r\nLise MAGNIER - Horizons\r\nSylvain MAILLARD - Renaissance\r\nLaurence MAILLART-M\u00c9HAIGNERIE - Renaissance\r\nChristophe MARION - Renaissance\r\nSandra MARSAUD - Renaissance\r\nEric MARTINEAU - Modem\r\nSereine MAUBORGNE - Renaissance\r\nNicolas MAYER ROSSIGNOL - PS\r\nLudovic MENDES - Renaissance\r\nThomas MESNIER - Horizons\r\nLysiane M\u00c9TAYER - Renaissance\r\nMaxime MEYER - EELV\r\nC\u00e9cile MICHEL - EELV\r\nPaul MIDY - Renaissance\r\nRayann MOUSLIM - Renaissance\r\nVal\u00e9rie OPPELT - Renaissance\r\nNicolas PACQUOT - Renaissance\r\nIsabelle PAGANI - PS\r\nFranck PAJOT - PS\r\nAstrid PANOSYAN-BOUVET - Renaissance\r\nSophie PANTEL - PS\r\nRachel-Flore PARDO - Renaissance\r\nDidier PARIS - Renaissance\r\nMarc PENA - PS\r\nAnne-Laurence PETEL - Renaissance\r\nFr\u00e9d\u00e9ric PETIT - Modem\r\nBenoist PIERRE - Horizons\r\nRapha\u00ebl PITTI - Place Publique\r\nDominique POTIER - PS\r\nMarie-Agn\u00e8s POUSSIER-WINSBACK - Horizons\r\nNatalia POUZYREFF - Renaissance\r\nVal\u00e9rie RABAULT - PS\r\nR\u00e9my REBEYROTTE - Renaissance\r\nRobin REDA - Renaissance\r\nSandra REGOL - EELV\r\nAnne REYMBAUT - PS\r\nElsa RICHARD - EELV\r\nV\u00e9ronique RIOTTON - Renaissance\r\nSt\u00e9phanie RIST - Renaissance\r\nMarie-Pierre RIXAIN - Renaissance\r\nXavier ROSEREN - Renaissance\r\nMarine ROSSET - PS\r\nAlain ROUBIAN - Place Publique\r\nAur\u00e9lien ROUSSEAU - Place Publique\r\nGuillaume SACRISTE - Place Publique\r\nS\u00e9bastien SAINT-PASTEUR - PS\r\nIsabelle SANTIAGO - PS\r\nHerv\u00e9 SAULIGNAC - PS\r\nBertrand SORRE - Renaissance\r\nThierry SOTHER - PS\r\nC\u00e9cile SOUBELET - PS\r\nViolette SPILLEBOUT - Renaissance\r\nBruno STUDER - Renaissance\r\nMich\u00e8le TABAROT - LR\r\nLiliana TANGUY - Renaissance\r\nAur\u00e9lien TARAVELLA - Place Publique\r\nGuillaume TATU - EELV\r\nLo\u00efc TERRENES - Renaissance\r\nL\u00e9on THEBAULT - EELV\r\nPrisca THEVENOT - Renaissance\r\nC\u00e9line THI\u00c9BAULT-MARTINEZ - PS\r\nMarine TONDELIER - EELV\r\nGilles TOULZA - LR\r\nChlo\u00e9 TOUZET - Place Publique\r\nSt\u00e9phane TRAVERT - Renaissance\r\nYves TROUSSELLE - Place Publique\r\nJoris TRUBERT - Place Publique\r\nC\u00e9cile UNTERMAIER - PS\r\nDavid VALENCE - Renaissance\r\nBoris VALLAUD - PS\r\nAnnie VIDAL - Renaissance\r\nOdile VIDAL-SAGNIER - EELV\r\nCorinne VIGNON - Renaissance\r\nDelphine VUAGNOUX - Place Publique\r\nEric WOERTH - Renaissance\r\nCaroline YADAN - Renaissance\r\nJean-Marc ZULESI - Renaissance<\/pre>\n","protected":false},"excerpt":{"rendered":"<p>\u0423 \u0447\u0430\u0441, \u043a\u043e\u043b\u0438 \u043f\u043e\u043b\u0456\u0442\u0438\u0447\u043d\u0456 \u0441\u0442\u0430\u0432\u043a\u0438 \u043e\u0441\u043e\u0431\u043b\u0438\u0432\u043e \u0432\u0438\u0441\u043e\u043a\u0456, \u043d\u0435\u043e\u0431\u0445\u0456\u0434\u043d\u0456\u0441\u0442\u044c \u043f\u0456\u0434\u0442\u0440\u0438\u043c\u043a\u0438 \u0423\u043a\u0440\u0430\u0457\u043d\u0438 \u0448\u043b\u044f\u0445\u043e\u043c \u043f\u043e\u0441\u0438\u043b\u0435\u043d\u043d\u044f \u0441\u0430\u043d\u043a\u0446\u0456\u0439 \u043f\u0440\u043e\u0442\u0438 \u0420\u043e\u0441\u0456\u0457, \u043f\u0440\u043e\u0441\u0443\u0432\u0430\u043d\u043d\u044f \u0447\u043b\u0435\u043d\u0441\u0442\u0432\u0430 \u0423\u043a\u0440\u0430\u0457\u043d\u0438 \u0432 \u0404\u0432\u0440\u043e\u043f\u0435\u0439\u0441\u044c\u043a\u043e\u043c\u0443 \u0421\u043e\u044e\u0437\u0456 \u0442\u0430 \u043f\u0440\u043e\u0434\u043e\u0432\u0436\u0435\u043d\u043d\u044f \u043f\u043e\u0441\u0442\u0430\u0432\u043e\u043a \u0437\u0431\u0440\u043e\u0457 \u0432 \u0423\u043a\u0440\u0430\u0457\u043d\u0443 \u0454 \u043f\u0435\u0440\u0448\u043e\u0447\u0435\u0440\u0433\u043e\u0432\u043e\u044e. \u0421\u0430\u043c\u0435 [&hellip;]<\/p>\n","protected":false},"author":5439,"featured_media":7981,"comment_status":"open","ping_status":"open","sticky":false,"template":"","format":"standard","meta":{"_acf_changed":false,"footnotes":""},"categories":[51],"tags":[],"class_list":["post-12211","post","type-post","status-publish","format-standard","has-post-thumbnail","hentry","category-our-actions"],"acf":[],"yoast_head":"<!-- This site is optimized with the Yoast SEO plugin v27.1.1 - https:\/\/yoast.com\/product\/yoast-seo-wordpress\/ -->\n<title>\u041f\u043e\u043d\u0430\u0434 160 \u043a\u0430\u043d\u0434\u0438\u0434\u0430\u0442\u0456\u0432 \u043d\u0430 \u043f\u0430\u0440\u043b\u0430\u043c\u0435\u043d\u0442\u0441\u044c\u043a\u0438\u0445 \u0432\u0438\u0431\u043e\u0440\u0430\u0445 \u0432\u0437\u044f\u043b\u0438 \u043d\u0430 \u0441\u0435\u0431\u0435 \u0437\u043e\u0431\u043e\u0432&#039;\u044f\u0437\u0430\u043d\u043d\u044f \u043f\u0435\u0440\u0435\u0434 \u0423\u043a\u0440\u0430\u0457\u043d\u043e\u044e - Stand with Ukraine<\/title>\n<meta name=\"robots\" content=\"index, follow, max-snippet:-1, max-image-preview:large, max-video-preview:-1\" \/>\n<link rel=\"canonical\" href=\"https:\/\/www.standwithukraineeurope.com\/ua\/ponad-160-kandidativ-na-parlamentskix-viborax-vzyali-na-sebe-zobovyazannya-pered-ukrayinoyu\/\" \/>\n<meta property=\"og:locale\" content=\"en_US\" \/>\n<meta property=\"og:type\" content=\"article\" \/>\n<meta property=\"og:title\" content=\"\u041f\u043e\u043d\u0430\u0434 160 \u043a\u0430\u043d\u0434\u0438\u0434\u0430\u0442\u0456\u0432 \u043d\u0430 \u043f\u0430\u0440\u043b\u0430\u043c\u0435\u043d\u0442\u0441\u044c\u043a\u0438\u0445 \u0432\u0438\u0431\u043e\u0440\u0430\u0445 \u0432\u0437\u044f\u043b\u0438 \u043d\u0430 \u0441\u0435\u0431\u0435 \u0437\u043e\u0431\u043e\u0432&#039;\u044f\u0437\u0430\u043d\u043d\u044f \u043f\u0435\u0440\u0435\u0434 \u0423\u043a\u0440\u0430\u0457\u043d\u043e\u044e - Stand with Ukraine\" \/>\n<meta property=\"og:description\" content=\"\u0423 \u0447\u0430\u0441, \u043a\u043e\u043b\u0438 \u043f\u043e\u043b\u0456\u0442\u0438\u0447\u043d\u0456 \u0441\u0442\u0430\u0432\u043a\u0438 \u043e\u0441\u043e\u0431\u043b\u0438\u0432\u043e \u0432\u0438\u0441\u043e\u043a\u0456, \u043d\u0435\u043e\u0431\u0445\u0456\u0434\u043d\u0456\u0441\u0442\u044c \u043f\u0456\u0434\u0442\u0440\u0438\u043c\u043a\u0438 \u0423\u043a\u0440\u0430\u0457\u043d\u0438 \u0448\u043b\u044f\u0445\u043e\u043c \u043f\u043e\u0441\u0438\u043b\u0435\u043d\u043d\u044f \u0441\u0430\u043d\u043a\u0446\u0456\u0439 \u043f\u0440\u043e\u0442\u0438 \u0420\u043e\u0441\u0456\u0457, \u043f\u0440\u043e\u0441\u0443\u0432\u0430\u043d\u043d\u044f \u0447\u043b\u0435\u043d\u0441\u0442\u0432\u0430 \u0423\u043a\u0440\u0430\u0457\u043d\u0438 \u0432 \u0404\u0432\u0440\u043e\u043f\u0435\u0439\u0441\u044c\u043a\u043e\u043c\u0443 \u0421\u043e\u044e\u0437\u0456 \u0442\u0430 \u043f\u0440\u043e\u0434\u043e\u0432\u0436\u0435\u043d\u043d\u044f \u043f\u043e\u0441\u0442\u0430\u0432\u043e\u043a \u0437\u0431\u0440\u043e\u0457 \u0432 \u0423\u043a\u0440\u0430\u0457\u043d\u0443 \u0454 \u043f\u0435\u0440\u0448\u043e\u0447\u0435\u0440\u0433\u043e\u0432\u043e\u044e. \u0421\u0430\u043c\u0435 [&hellip;]\" \/>\n<meta property=\"og:url\" content=\"https:\/\/www.standwithukraineeurope.com\/ua\/ponad-160-kandidativ-na-parlamentskix-viborax-vzyali-na-sebe-zobovyazannya-pered-ukrayinoyu\/\" \/>\n<meta property=\"og:site_name\" content=\"Stand with Ukraine\" \/>\n<meta property=\"article:published_time\" content=\"2024-07-04T20:04:04+00:00\" \/>\n<meta property=\"article:modified_time\" content=\"2025-05-05T14:56:48+00:00\" \/>\n<meta property=\"og:image\" content=\"https:\/\/www.standwithukraineeurope.com\/wp-content\/uploads\/2024\/07\/hands-7050265_1280.webp\" \/>\n\t<meta property=\"og:image:width\" content=\"1280\" \/>\n\t<meta property=\"og:image:height\" content=\"989\" \/>\n\t<meta property=\"og:image:type\" content=\"image\/webp\" \/>\n<meta name=\"author\" content=\"mariia\" \/>\n<meta name=\"twitter:card\" content=\"summary_large_image\" \/>\n<meta name=\"twitter:label1\" content=\"Written by\" \/>\n\t<meta name=\"twitter:data1\" content=\"mariia\" \/>\n\t<meta name=\"twitter:label2\" content=\"Est. reading time\" \/>\n\t<meta name=\"twitter:data2\" content=\"2 minutes\" \/>\n<script type=\"application\/ld+json\" class=\"yoast-schema-graph\">{\"@context\":\"https:\/\/schema.org\",\"@graph\":[{\"@type\":\"Article\",\"@id\":\"https:\/\/www.standwithukraineeurope.com\/ua\/ponad-160-kandidativ-na-parlamentskix-viborax-vzyali-na-sebe-zobovyazannya-pered-ukrayinoyu\/#article\",\"isPartOf\":{\"@id\":\"https:\/\/www.standwithukraineeurope.com\/ua\/ponad-160-kandidativ-na-parlamentskix-viborax-vzyali-na-sebe-zobovyazannya-pered-ukrayinoyu\/\"},\"author\":{\"name\":\"mariia\",\"@id\":\"https:\/\/www.standwithukraineeurope.com\/ua\/#\/schema\/person\/4ecee04bce7167073390b0cfe30ef512\"},\"headline\":\"\u041f\u043e\u043d\u0430\u0434 160 \u043a\u0430\u043d\u0434\u0438\u0434\u0430\u0442\u0456\u0432 \u043d\u0430 \u043f\u0430\u0440\u043b\u0430\u043c\u0435\u043d\u0442\u0441\u044c\u043a\u0438\u0445 \u0432\u0438\u0431\u043e\u0440\u0430\u0445 \u0432\u0437\u044f\u043b\u0438 \u043d\u0430 \u0441\u0435\u0431\u0435 \u0437\u043e\u0431\u043e\u0432&#8217;\u044f\u0437\u0430\u043d\u043d\u044f \u043f\u0435\u0440\u0435\u0434 \u0423\u043a\u0440\u0430\u0457\u043d\u043e\u044e\",\"datePublished\":\"2024-07-04T20:04:04+00:00\",\"dateModified\":\"2025-05-05T14:56:48+00:00\",\"mainEntityOfPage\":{\"@id\":\"https:\/\/www.standwithukraineeurope.com\/ua\/ponad-160-kandidativ-na-parlamentskix-viborax-vzyali-na-sebe-zobovyazannya-pered-ukrayinoyu\/\"},\"wordCount\":234,\"commentCount\":0,\"image\":{\"@id\":\"https:\/\/www.standwithukraineeurope.com\/ua\/ponad-160-kandidativ-na-parlamentskix-viborax-vzyali-na-sebe-zobovyazannya-pered-ukrayinoyu\/#primaryimage\"},\"thumbnailUrl\":\"https:\/\/www.standwithukraineeurope.com\/wp-content\/uploads\/2024\/07\/hands-7050265_1280.webp\",\"articleSection\":[\"\u041d\u0430\u0448\u0456 \u0434\u0456\u0457\"],\"inLanguage\":\"ua-UK\",\"potentialAction\":[{\"@type\":\"CommentAction\",\"name\":\"Comment\",\"target\":[\"https:\/\/www.standwithukraineeurope.com\/ua\/ponad-160-kandidativ-na-parlamentskix-viborax-vzyali-na-sebe-zobovyazannya-pered-ukrayinoyu\/#respond\"]}]},{\"@type\":\"WebPage\",\"@id\":\"https:\/\/www.standwithukraineeurope.com\/ua\/ponad-160-kandidativ-na-parlamentskix-viborax-vzyali-na-sebe-zobovyazannya-pered-ukrayinoyu\/\",\"url\":\"https:\/\/www.standwithukraineeurope.com\/ua\/ponad-160-kandidativ-na-parlamentskix-viborax-vzyali-na-sebe-zobovyazannya-pered-ukrayinoyu\/\",\"name\":\"\u041f\u043e\u043d\u0430\u0434 160 \u043a\u0430\u043d\u0434\u0438\u0434\u0430\u0442\u0456\u0432 \u043d\u0430 \u043f\u0430\u0440\u043b\u0430\u043c\u0435\u043d\u0442\u0441\u044c\u043a\u0438\u0445 \u0432\u0438\u0431\u043e\u0440\u0430\u0445 \u0432\u0437\u044f\u043b\u0438 \u043d\u0430 \u0441\u0435\u0431\u0435 \u0437\u043e\u0431\u043e\u0432'\u044f\u0437\u0430\u043d\u043d\u044f \u043f\u0435\u0440\u0435\u0434 \u0423\u043a\u0440\u0430\u0457\u043d\u043e\u044e - Stand with Ukraine\",\"isPartOf\":{\"@id\":\"https:\/\/www.standwithukraineeurope.com\/ua\/#website\"},\"primaryImageOfPage\":{\"@id\":\"https:\/\/www.standwithukraineeurope.com\/ua\/ponad-160-kandidativ-na-parlamentskix-viborax-vzyali-na-sebe-zobovyazannya-pered-ukrayinoyu\/#primaryimage\"},\"image\":{\"@id\":\"https:\/\/www.standwithukraineeurope.com\/ua\/ponad-160-kandidativ-na-parlamentskix-viborax-vzyali-na-sebe-zobovyazannya-pered-ukrayinoyu\/#primaryimage\"},\"thumbnailUrl\":\"https:\/\/www.standwithukraineeurope.com\/wp-content\/uploads\/2024\/07\/hands-7050265_1280.webp\",\"datePublished\":\"2024-07-04T20:04:04+00:00\",\"dateModified\":\"2025-05-05T14:56:48+00:00\",\"author\":{\"@id\":\"https:\/\/www.standwithukraineeurope.com\/ua\/#\/schema\/person\/4ecee04bce7167073390b0cfe30ef512\"},\"inLanguage\":\"ua-UK\",\"potentialAction\":[{\"@type\":\"ReadAction\",\"target\":[\"https:\/\/www.standwithukraineeurope.com\/ua\/ponad-160-kandidativ-na-parlamentskix-viborax-vzyali-na-sebe-zobovyazannya-pered-ukrayinoyu\/\"]}]},{\"@type\":\"ImageObject\",\"inLanguage\":\"ua-UK\",\"@id\":\"https:\/\/www.standwithukraineeurope.com\/ua\/ponad-160-kandidativ-na-parlamentskix-viborax-vzyali-na-sebe-zobovyazannya-pered-ukrayinoyu\/#primaryimage\",\"url\":\"https:\/\/www.standwithukraineeurope.com\/wp-content\/uploads\/2024\/07\/hands-7050265_1280.webp\",\"contentUrl\":\"https:\/\/www.standwithukraineeurope.com\/wp-content\/uploads\/2024\/07\/hands-7050265_1280.webp\",\"width\":1280,\"height\":989},{\"@type\":\"WebSite\",\"@id\":\"https:\/\/www.standwithukraineeurope.com\/ua\/#website\",\"url\":\"https:\/\/www.standwithukraineeurope.com\/ua\/\",\"name\":\"Stand with Ukraine\",\"description\":\"Stand with Ukraine\",\"potentialAction\":[{\"@type\":\"SearchAction\",\"target\":{\"@type\":\"EntryPoint\",\"urlTemplate\":\"https:\/\/www.standwithukraineeurope.com\/ua\/?s={search_term_string}\"},\"query-input\":{\"@type\":\"PropertyValueSpecification\",\"valueRequired\":true,\"valueName\":\"search_term_string\"}}],\"inLanguage\":\"ua-UK\"},{\"@type\":\"Person\",\"@id\":\"https:\/\/www.standwithukraineeurope.com\/ua\/#\/schema\/person\/4ecee04bce7167073390b0cfe30ef512\",\"name\":\"mariia\",\"image\":{\"@type\":\"ImageObject\",\"inLanguage\":\"ua-UK\",\"@id\":\"https:\/\/www.standwithukraineeurope.com\/ua\/#\/schema\/person\/image\/\",\"url\":\"https:\/\/secure.gravatar.com\/avatar\/7e3d7b9feade99b06ac55542eefeea7c3967a5e3ffd499389e7093ab7207f19a?s=96&d=mm&r=g\",\"contentUrl\":\"https:\/\/secure.gravatar.com\/avatar\/7e3d7b9feade99b06ac55542eefeea7c3967a5e3ffd499389e7093ab7207f19a?s=96&d=mm&r=g\",\"caption\":\"mariia\"},\"url\":\"https:\/\/www.standwithukraineeurope.com\/ua\/author\/mariia\/\"}]}<\/script>\n<!-- \/ Yoast SEO plugin. -->","yoast_head_json":{"title":"\u041f\u043e\u043d\u0430\u0434 160 \u043a\u0430\u043d\u0434\u0438\u0434\u0430\u0442\u0456\u0432 \u043d\u0430 \u043f\u0430\u0440\u043b\u0430\u043c\u0435\u043d\u0442\u0441\u044c\u043a\u0438\u0445 \u0432\u0438\u0431\u043e\u0440\u0430\u0445 \u0432\u0437\u044f\u043b\u0438 \u043d\u0430 \u0441\u0435\u0431\u0435 \u0437\u043e\u0431\u043e\u0432'\u044f\u0437\u0430\u043d\u043d\u044f \u043f\u0435\u0440\u0435\u0434 \u0423\u043a\u0440\u0430\u0457\u043d\u043e\u044e - Stand with Ukraine","robots":{"index":"index","follow":"follow","max-snippet":"max-snippet:-1","max-image-preview":"max-image-preview:large","max-video-preview":"max-video-preview:-1"},"canonical":"https:\/\/www.standwithukraineeurope.com\/ua\/ponad-160-kandidativ-na-parlamentskix-viborax-vzyali-na-sebe-zobovyazannya-pered-ukrayinoyu\/","og_locale":"en_US","og_type":"article","og_title":"\u041f\u043e\u043d\u0430\u0434 160 \u043a\u0430\u043d\u0434\u0438\u0434\u0430\u0442\u0456\u0432 \u043d\u0430 \u043f\u0430\u0440\u043b\u0430\u043c\u0435\u043d\u0442\u0441\u044c\u043a\u0438\u0445 \u0432\u0438\u0431\u043e\u0440\u0430\u0445 \u0432\u0437\u044f\u043b\u0438 \u043d\u0430 \u0441\u0435\u0431\u0435 \u0437\u043e\u0431\u043e\u0432'\u044f\u0437\u0430\u043d\u043d\u044f \u043f\u0435\u0440\u0435\u0434 \u0423\u043a\u0440\u0430\u0457\u043d\u043e\u044e - Stand with Ukraine","og_description":"\u0423 \u0447\u0430\u0441, \u043a\u043e\u043b\u0438 \u043f\u043e\u043b\u0456\u0442\u0438\u0447\u043d\u0456 \u0441\u0442\u0430\u0432\u043a\u0438 \u043e\u0441\u043e\u0431\u043b\u0438\u0432\u043e \u0432\u0438\u0441\u043e\u043a\u0456, \u043d\u0435\u043e\u0431\u0445\u0456\u0434\u043d\u0456\u0441\u0442\u044c \u043f\u0456\u0434\u0442\u0440\u0438\u043c\u043a\u0438 \u0423\u043a\u0440\u0430\u0457\u043d\u0438 \u0448\u043b\u044f\u0445\u043e\u043c \u043f\u043e\u0441\u0438\u043b\u0435\u043d\u043d\u044f \u0441\u0430\u043d\u043a\u0446\u0456\u0439 \u043f\u0440\u043e\u0442\u0438 \u0420\u043e\u0441\u0456\u0457, \u043f\u0440\u043e\u0441\u0443\u0432\u0430\u043d\u043d\u044f \u0447\u043b\u0435\u043d\u0441\u0442\u0432\u0430 \u0423\u043a\u0440\u0430\u0457\u043d\u0438 \u0432 \u0404\u0432\u0440\u043e\u043f\u0435\u0439\u0441\u044c\u043a\u043e\u043c\u0443 \u0421\u043e\u044e\u0437\u0456 \u0442\u0430 \u043f\u0440\u043e\u0434\u043e\u0432\u0436\u0435\u043d\u043d\u044f \u043f\u043e\u0441\u0442\u0430\u0432\u043e\u043a \u0437\u0431\u0440\u043e\u0457 \u0432 \u0423\u043a\u0440\u0430\u0457\u043d\u0443 \u0454 \u043f\u0435\u0440\u0448\u043e\u0447\u0435\u0440\u0433\u043e\u0432\u043e\u044e. \u0421\u0430\u043c\u0435 [&hellip;]","og_url":"https:\/\/www.standwithukraineeurope.com\/ua\/ponad-160-kandidativ-na-parlamentskix-viborax-vzyali-na-sebe-zobovyazannya-pered-ukrayinoyu\/","og_site_name":"Stand with Ukraine","article_published_time":"2024-07-04T20:04:04+00:00","article_modified_time":"2025-05-05T14:56:48+00:00","og_image":[{"width":1280,"height":989,"url":"https:\/\/www.standwithukraineeurope.com\/wp-content\/uploads\/2024\/07\/hands-7050265_1280.webp","type":"image\/webp"}],"author":"mariia","twitter_card":"summary_large_image","twitter_misc":{"Written by":"mariia","Est. reading time":"2 minutes"},"schema":{"@context":"https:\/\/schema.org","@graph":[{"@type":"Article","@id":"https:\/\/www.standwithukraineeurope.com\/ua\/ponad-160-kandidativ-na-parlamentskix-viborax-vzyali-na-sebe-zobovyazannya-pered-ukrayinoyu\/#article","isPartOf":{"@id":"https:\/\/www.standwithukraineeurope.com\/ua\/ponad-160-kandidativ-na-parlamentskix-viborax-vzyali-na-sebe-zobovyazannya-pered-ukrayinoyu\/"},"author":{"name":"mariia","@id":"https:\/\/www.standwithukraineeurope.com\/ua\/#\/schema\/person\/4ecee04bce7167073390b0cfe30ef512"},"headline":"\u041f\u043e\u043d\u0430\u0434 160 \u043a\u0430\u043d\u0434\u0438\u0434\u0430\u0442\u0456\u0432 \u043d\u0430 \u043f\u0430\u0440\u043b\u0430\u043c\u0435\u043d\u0442\u0441\u044c\u043a\u0438\u0445 \u0432\u0438\u0431\u043e\u0440\u0430\u0445 \u0432\u0437\u044f\u043b\u0438 \u043d\u0430 \u0441\u0435\u0431\u0435 \u0437\u043e\u0431\u043e\u0432&#8217;\u044f\u0437\u0430\u043d\u043d\u044f \u043f\u0435\u0440\u0435\u0434 \u0423\u043a\u0440\u0430\u0457\u043d\u043e\u044e","datePublished":"2024-07-04T20:04:04+00:00","dateModified":"2025-05-05T14:56:48+00:00","mainEntityOfPage":{"@id":"https:\/\/www.standwithukraineeurope.com\/ua\/ponad-160-kandidativ-na-parlamentskix-viborax-vzyali-na-sebe-zobovyazannya-pered-ukrayinoyu\/"},"wordCount":234,"commentCount":0,"image":{"@id":"https:\/\/www.standwithukraineeurope.com\/ua\/ponad-160-kandidativ-na-parlamentskix-viborax-vzyali-na-sebe-zobovyazannya-pered-ukrayinoyu\/#primaryimage"},"thumbnailUrl":"https:\/\/www.standwithukraineeurope.com\/wp-content\/uploads\/2024\/07\/hands-7050265_1280.webp","articleSection":["\u041d\u0430\u0448\u0456 \u0434\u0456\u0457"],"inLanguage":"ua-UK","potentialAction":[{"@type":"CommentAction","name":"Comment","target":["https:\/\/www.standwithukraineeurope.com\/ua\/ponad-160-kandidativ-na-parlamentskix-viborax-vzyali-na-sebe-zobovyazannya-pered-ukrayinoyu\/#respond"]}]},{"@type":"WebPage","@id":"https:\/\/www.standwithukraineeurope.com\/ua\/ponad-160-kandidativ-na-parlamentskix-viborax-vzyali-na-sebe-zobovyazannya-pered-ukrayinoyu\/","url":"https:\/\/www.standwithukraineeurope.com\/ua\/ponad-160-kandidativ-na-parlamentskix-viborax-vzyali-na-sebe-zobovyazannya-pered-ukrayinoyu\/","name":"\u041f\u043e\u043d\u0430\u0434 160 \u043a\u0430\u043d\u0434\u0438\u0434\u0430\u0442\u0456\u0432 \u043d\u0430 \u043f\u0430\u0440\u043b\u0430\u043c\u0435\u043d\u0442\u0441\u044c\u043a\u0438\u0445 \u0432\u0438\u0431\u043e\u0440\u0430\u0445 \u0432\u0437\u044f\u043b\u0438 \u043d\u0430 \u0441\u0435\u0431\u0435 \u0437\u043e\u0431\u043e\u0432'\u044f\u0437\u0430\u043d\u043d\u044f \u043f\u0435\u0440\u0435\u0434 \u0423\u043a\u0440\u0430\u0457\u043d\u043e\u044e - Stand with Ukraine","isPartOf":{"@id":"https:\/\/www.standwithukraineeurope.com\/ua\/#website"},"primaryImageOfPage":{"@id":"https:\/\/www.standwithukraineeurope.com\/ua\/ponad-160-kandidativ-na-parlamentskix-viborax-vzyali-na-sebe-zobovyazannya-pered-ukrayinoyu\/#primaryimage"},"image":{"@id":"https:\/\/www.standwithukraineeurope.com\/ua\/ponad-160-kandidativ-na-parlamentskix-viborax-vzyali-na-sebe-zobovyazannya-pered-ukrayinoyu\/#primaryimage"},"thumbnailUrl":"https:\/\/www.standwithukraineeurope.com\/wp-content\/uploads\/2024\/07\/hands-7050265_1280.webp","datePublished":"2024-07-04T20:04:04+00:00","dateModified":"2025-05-05T14:56:48+00:00","author":{"@id":"https:\/\/www.standwithukraineeurope.com\/ua\/#\/schema\/person\/4ecee04bce7167073390b0cfe30ef512"},"inLanguage":"ua-UK","potentialAction":[{"@type":"ReadAction","target":["https:\/\/www.standwithukraineeurope.com\/ua\/ponad-160-kandidativ-na-parlamentskix-viborax-vzyali-na-sebe-zobovyazannya-pered-ukrayinoyu\/"]}]},{"@type":"ImageObject","inLanguage":"ua-UK","@id":"https:\/\/www.standwithukraineeurope.com\/ua\/ponad-160-kandidativ-na-parlamentskix-viborax-vzyali-na-sebe-zobovyazannya-pered-ukrayinoyu\/#primaryimage","url":"https:\/\/www.standwithukraineeurope.com\/wp-content\/uploads\/2024\/07\/hands-7050265_1280.webp","contentUrl":"https:\/\/www.standwithukraineeurope.com\/wp-content\/uploads\/2024\/07\/hands-7050265_1280.webp","width":1280,"height":989},{"@type":"WebSite","@id":"https:\/\/www.standwithukraineeurope.com\/ua\/#website","url":"https:\/\/www.standwithukraineeurope.com\/ua\/","name":"Stand with Ukraine","description":"Stand with Ukraine","potentialAction":[{"@type":"SearchAction","target":{"@type":"EntryPoint","urlTemplate":"https:\/\/www.standwithukraineeurope.com\/ua\/?s={search_term_string}"},"query-input":{"@type":"PropertyValueSpecification","valueRequired":true,"valueName":"search_term_string"}}],"inLanguage":"ua-UK"},{"@type":"Person","@id":"https:\/\/www.standwithukraineeurope.com\/ua\/#\/schema\/person\/4ecee04bce7167073390b0cfe30ef512","name":"mariia","image":{"@type":"ImageObject","inLanguage":"ua-UK","@id":"https:\/\/www.standwithukraineeurope.com\/ua\/#\/schema\/person\/image\/","url":"https:\/\/secure.gravatar.com\/avatar\/7e3d7b9feade99b06ac55542eefeea7c3967a5e3ffd499389e7093ab7207f19a?s=96&d=mm&r=g","contentUrl":"https:\/\/secure.gravatar.com\/avatar\/7e3d7b9feade99b06ac55542eefeea7c3967a5e3ffd499389e7093ab7207f19a?s=96&d=mm&r=g","caption":"mariia"},"url":"https:\/\/www.standwithukraineeurope.com\/ua\/author\/mariia\/"}]}},"_links":{"self":[{"href":"https:\/\/www.standwithukraineeurope.com\/ua\/wp-json\/wp\/v2\/posts\/12211","targetHints":{"allow":["GET"]}}],"collection":[{"href":"https:\/\/www.standwithukraineeurope.com\/ua\/wp-json\/wp\/v2\/posts"}],"about":[{"href":"https:\/\/www.standwithukraineeurope.com\/ua\/wp-json\/wp\/v2\/types\/post"}],"author":[{"embeddable":true,"href":"https:\/\/www.standwithukraineeurope.com\/ua\/wp-json\/wp\/v2\/users\/5439"}],"replies":[{"embeddable":true,"href":"https:\/\/www.standwithukraineeurope.com\/ua\/wp-json\/wp\/v2\/comments?post=12211"}],"version-history":[{"count":1,"href":"https:\/\/www.standwithukraineeurope.com\/ua\/wp-json\/wp\/v2\/posts\/12211\/revisions"}],"predecessor-version":[{"id":12218,"href":"https:\/\/www.standwithukraineeurope.com\/ua\/wp-json\/wp\/v2\/posts\/12211\/revisions\/12218"}],"wp:featuredmedia":[{"embeddable":true,"href":"https:\/\/www.standwithukraineeurope.com\/ua\/wp-json\/wp\/v2\/media\/7981"}],"wp:attachment":[{"href":"https:\/\/www.standwithukraineeurope.com\/ua\/wp-json\/wp\/v2\/media?parent=12211"}],"wp:term":[{"taxonomy":"category","embeddable":true,"href":"https:\/\/www.standwithukraineeurope.com\/ua\/wp-json\/wp\/v2\/categories?post=12211"},{"taxonomy":"post_tag","embeddable":true,"href":"https:\/\/www.standwithukraineeurope.com\/ua\/wp-json\/wp\/v2\/tags?post=12211"}],"curies":[{"name":"wp","href":"https:\/\/api.w.org\/{rel}","templated":true}]}}