{"id":1259,"date":"2022-11-22T10:28:13","date_gmt":"2022-11-22T10:28:13","guid":{"rendered":"https:\/\/www.standwithukraineeurope.com\/lancement-de-la-campagne-des-lumieres-pour-lhiver\/"},"modified":"2024-11-04T10:31:20","modified_gmt":"2024-11-04T10:31:20","slug":"lancement-de-la-campagne-des-lumieres-pour-lhiver","status":"publish","type":"post","link":"https:\/\/www.standwithukraineeurope.com\/en\/lancement-de-la-campagne-des-lumieres-pour-lhiver\/","title":{"rendered":"Launch of the campaign \u201cLight for winter\u201d"},"content":{"rendered":"<p><span style=\"font-weight: 400;\">For several months Vladimir Putin\u2019s regime has been carrying out attacks targeting the Ukrainian electrical grid and municipal heating systems. In other words, Russia wants Ukraine to freeze this winter.\u00a0<\/span><\/p>\n<p><span style=\"font-weight: 400;\">During its retreat from Kherson, the Russian army took pains to destroy the city\u2019s entire electrical system as well as the hot water distribution network. In addition, Russian strikes have damaged the windows of countless buildings in cities all over Ukraine.\u00a0<\/span><\/p>\n<p><span style=\"font-weight: 400;\">With winter temperatures that can remain negative for many weeks, millions of Ukrainians \u2013 in particular families with young children and the elderly \u2013 are in a situation of extreme vulnerability.<\/span><\/p>\n<p><b>Stand With Ukraine was created in France, working with the Ukrainian authorities, to support the people of Ukraine in their fight for survival.\u00a0<\/b><\/p>\n<p><span style=\"font-weight: 400;\">To enable them to have heating during the winter Stand With Ukraine is launching, with French municipalities, AMF (the Association of French Mayors), the local <\/span><a href=\"https:\/\/ants.org.ua\/\"><span style=\"font-weight: 400;\">NGO Ants<\/span><\/a><span style=\"font-weight: 400;\"> and the support of the international parliamentary network of support for Ukraine <\/span><a href=\"https:\/\/www.u4u.com.ua\/\"><span style=\"font-weight: 400;\">United For Ukraine (U4U)<\/span><\/a><span style=\"font-weight: 400;\">, a campaign to send electrical generators that will at least make it possible to heat essential public buildings: hospitals, schools, maternity units, housing, town halls and to assist the most fragile.\u00a0<\/span><\/p>\n<p><span style=\"font-weight: 400;\">In partnership with the Ukrainian authorities, in particular the Ukrainian Embassy in France, we are coordinating this action \u2018Lights for Winter\u2019:<\/span><\/p>\n<ul>\n<li style=\"font-weight: 400;\" aria-level=\"1\"><span style=\"font-weight: 400;\">Accompanying the buying of a generator by French municipalities for an identified Ukrainian municipality.<\/span><\/li>\n<li style=\"font-weight: 400;\" aria-level=\"1\"><span style=\"font-weight: 400;\">The logistics and installation of equipment: routing to Ukraine, including customs and deployment of the generator in the beneficiary municipality.<\/span><\/li>\n<li style=\"font-weight: 400;\" aria-level=\"1\"><span style=\"font-weight: 400;\">An exchange of letters, videos and a conference call with the elected representatives of the assisted municipality is also proposed, as well as a visit to the assisted municipalities for the mayors who wish this.<\/span><\/li>\n<\/ul>\n<p><span style=\"font-weight: 400;\">Besides a very concrete gesture of solidarity, this project has a human dimension and provides fundamental moral support for Ukrainians. It is a unique opportunity for willing municipalities to establish strong links with the Ukrainian municipalities that have been helped, and exchange with their political leaders and citizens. Stand with Ukraine is convinced that these links forged during the war will be decisive when it comes to reconstruction. Local partnerships will be key for small and medium-sized French companies to participate and stand out in the face of what is shaping up to be one of the biggest projects of this century.<\/span><\/p>\n","protected":false},"excerpt":{"rendered":"<p>For several months Vladimir Putin\u2019s regime has been carrying out attacks targeting the Ukrainian electrical grid and municipal heating systems. In other words, Russia wants Ukraine to freeze this winter.\u00a0 [&hellip;]<\/p>\n","protected":false},"author":1,"featured_media":948,"comment_status":"open","ping_status":"open","sticky":false,"template":"our-actions-single.php","format":"standard","meta":{"_acf_changed":false,"footnotes":""},"categories":[25],"tags":[],"class_list":["post-1259","post","type-post","status-publish","format-standard","has-post-thumbnail","hentry","category-our-actions-en"],"acf":[],"yoast_head":"<!-- This site is optimized with the Yoast SEO plugin v27.1.1 - https:\/\/yoast.com\/product\/yoast-seo-wordpress\/ -->\n<title>Launch of the campaign \u201cLight for winter\u201d - Stand with Ukraine<\/title>\n<meta name=\"description\" content=\"C\u2019est pour permettre le peuple ukrainien de passer l\u2019hiver au chaud que Stand With Ukraine\u00a0lance une campagne d\u2019envoi de g\u00e9n\u00e9rateurs \u00e9lectriques permettant au moins de chauffer les b\u00e2timents publics essentiels.\" \/>\n<meta name=\"robots\" content=\"index, follow, max-snippet:-1, max-image-preview:large, max-video-preview:-1\" \/>\n<link rel=\"canonical\" href=\"https:\/\/www.standwithukraineeurope.com\/en\/lancement-de-la-campagne-des-lumieres-pour-lhiver\/\" \/>\n<meta property=\"og:locale\" content=\"en_US\" \/>\n<meta property=\"og:type\" content=\"article\" \/>\n<meta property=\"og:title\" content=\"Launch of the campaign \u201cLight for winter\u201d - Stand with Ukraine\" \/>\n<meta property=\"og:description\" content=\"C\u2019est pour permettre le peuple ukrainien de passer l\u2019hiver au chaud que Stand With Ukraine\u00a0lance une campagne d\u2019envoi de g\u00e9n\u00e9rateurs \u00e9lectriques permettant au moins de chauffer les b\u00e2timents publics essentiels.\" \/>\n<meta property=\"og:url\" content=\"https:\/\/www.standwithukraineeurope.com\/en\/lancement-de-la-campagne-des-lumieres-pour-lhiver\/\" \/>\n<meta property=\"og:site_name\" content=\"Stand with Ukraine\" \/>\n<meta property=\"article:published_time\" content=\"2022-11-22T10:28:13+00:00\" \/>\n<meta property=\"article:modified_time\" content=\"2024-11-04T10:31:20+00:00\" \/>\n<meta property=\"og:image\" content=\"https:\/\/www.standwithukraineeurope.com\/wp-content\/uploads\/2022\/12\/Kyiv_blackout-scaled.jpg\" \/>\n\t<meta property=\"og:image:width\" content=\"2560\" \/>\n\t<meta property=\"og:image:height\" content=\"1812\" \/>\n\t<meta property=\"og:image:type\" content=\"image\/jpeg\" \/>\n<meta name=\"author\" content=\"standwithukraine\" \/>\n<meta name=\"twitter:card\" content=\"summary_large_image\" \/>\n<meta name=\"twitter:label1\" content=\"Written by\" \/>\n\t<meta name=\"twitter:data1\" content=\"standwithukraine\" \/>\n\t<meta name=\"twitter:label2\" content=\"Est. reading time\" \/>\n\t<meta name=\"twitter:data2\" content=\"2 minutes\" \/>\n<script type=\"application\/ld+json\" class=\"yoast-schema-graph\">{\"@context\":\"https:\/\/schema.org\",\"@graph\":[{\"@type\":\"Article\",\"@id\":\"https:\/\/www.standwithukraineeurope.com\/en\/lancement-de-la-campagne-des-lumieres-pour-lhiver\/#article\",\"isPartOf\":{\"@id\":\"https:\/\/www.standwithukraineeurope.com\/en\/lancement-de-la-campagne-des-lumieres-pour-lhiver\/\"},\"author\":{\"name\":\"standwithukraine\",\"@id\":\"https:\/\/www.standwithukraineeurope.com\/en\/#\/schema\/person\/723daefcf3636b8d669d5b2d1634f029\"},\"headline\":\"Launch of the campaign \u201cLight for winter\u201d\",\"datePublished\":\"2022-11-22T10:28:13+00:00\",\"dateModified\":\"2024-11-04T10:31:20+00:00\",\"mainEntityOfPage\":{\"@id\":\"https:\/\/www.standwithukraineeurope.com\/en\/lancement-de-la-campagne-des-lumieres-pour-lhiver\/\"},\"wordCount\":399,\"commentCount\":0,\"image\":{\"@id\":\"https:\/\/www.standwithukraineeurope.com\/en\/lancement-de-la-campagne-des-lumieres-pour-lhiver\/#primaryimage\"},\"thumbnailUrl\":\"https:\/\/www.standwithukraineeurope.com\/wp-content\/uploads\/2022\/12\/Kyiv_blackout-scaled.jpg\",\"articleSection\":[\"Our actions\"],\"inLanguage\":\"en-US\",\"potentialAction\":[{\"@type\":\"CommentAction\",\"name\":\"Comment\",\"target\":[\"https:\/\/www.standwithukraineeurope.com\/en\/lancement-de-la-campagne-des-lumieres-pour-lhiver\/#respond\"]}]},{\"@type\":\"WebPage\",\"@id\":\"https:\/\/www.standwithukraineeurope.com\/en\/lancement-de-la-campagne-des-lumieres-pour-lhiver\/\",\"url\":\"https:\/\/www.standwithukraineeurope.com\/en\/lancement-de-la-campagne-des-lumieres-pour-lhiver\/\",\"name\":\"Launch of the campaign \u201cLight for winter\u201d - Stand with Ukraine\",\"isPartOf\":{\"@id\":\"https:\/\/www.standwithukraineeurope.com\/en\/#website\"},\"primaryImageOfPage\":{\"@id\":\"https:\/\/www.standwithukraineeurope.com\/en\/lancement-de-la-campagne-des-lumieres-pour-lhiver\/#primaryimage\"},\"image\":{\"@id\":\"https:\/\/www.standwithukraineeurope.com\/en\/lancement-de-la-campagne-des-lumieres-pour-lhiver\/#primaryimage\"},\"thumbnailUrl\":\"https:\/\/www.standwithukraineeurope.com\/wp-content\/uploads\/2022\/12\/Kyiv_blackout-scaled.jpg\",\"datePublished\":\"2022-11-22T10:28:13+00:00\",\"dateModified\":\"2024-11-04T10:31:20+00:00\",\"author\":{\"@id\":\"https:\/\/www.standwithukraineeurope.com\/en\/#\/schema\/person\/723daefcf3636b8d669d5b2d1634f029\"},\"description\":\"C\u2019est pour permettre le peuple ukrainien de passer l\u2019hiver au chaud que Stand With Ukraine\u00a0lance une campagne d\u2019envoi de g\u00e9n\u00e9rateurs \u00e9lectriques permettant au moins de chauffer les b\u00e2timents publics essentiels.\",\"inLanguage\":\"en-US\",\"potentialAction\":[{\"@type\":\"ReadAction\",\"target\":[\"https:\/\/www.standwithukraineeurope.com\/en\/lancement-de-la-campagne-des-lumieres-pour-lhiver\/\"]}]},{\"@type\":\"ImageObject\",\"inLanguage\":\"en-US\",\"@id\":\"https:\/\/www.standwithukraineeurope.com\/en\/lancement-de-la-campagne-des-lumieres-pour-lhiver\/#primaryimage\",\"url\":\"https:\/\/www.standwithukraineeurope.com\/wp-content\/uploads\/2022\/12\/Kyiv_blackout-scaled.jpg\",\"contentUrl\":\"https:\/\/www.standwithukraineeurope.com\/wp-content\/uploads\/2022\/12\/Kyiv_blackout-scaled.jpg\",\"width\":2560,\"height\":1812,\"caption\":\"A view shows the city centre without electricity after critical civil infrastructure was hit by a Russian missile attacks in Ukraine, as Russia's invasion of Ukraine continues, in Kyiv, Ukraine October 24, 2022. REUTERS\/Gleb Garanich\"},{\"@type\":\"WebSite\",\"@id\":\"https:\/\/www.standwithukraineeurope.com\/en\/#website\",\"url\":\"https:\/\/www.standwithukraineeurope.com\/en\/\",\"name\":\"Stand with Ukraine\",\"description\":\"Stand with Ukraine\",\"potentialAction\":[{\"@type\":\"SearchAction\",\"target\":{\"@type\":\"EntryPoint\",\"urlTemplate\":\"https:\/\/www.standwithukraineeurope.com\/en\/?s={search_term_string}\"},\"query-input\":{\"@type\":\"PropertyValueSpecification\",\"valueRequired\":true,\"valueName\":\"search_term_string\"}}],\"inLanguage\":\"en-US\"},{\"@type\":\"Person\",\"@id\":\"https:\/\/www.standwithukraineeurope.com\/en\/#\/schema\/person\/723daefcf3636b8d669d5b2d1634f029\",\"name\":\"standwithukraine\",\"image\":{\"@type\":\"ImageObject\",\"inLanguage\":\"en-US\",\"@id\":\"https:\/\/www.standwithukraineeurope.com\/en\/#\/schema\/person\/image\/\",\"url\":\"https:\/\/secure.gravatar.com\/avatar\/d62695009e0a2b094fc51974b4065c7e56724bf6545a037fab63b6665a070687?s=96&d=mm&r=g\",\"contentUrl\":\"https:\/\/secure.gravatar.com\/avatar\/d62695009e0a2b094fc51974b4065c7e56724bf6545a037fab63b6665a070687?s=96&d=mm&r=g\",\"caption\":\"standwithukraine\"},\"sameAs\":[\"https:\/\/www.standwithukraineeurope.com\"],\"url\":\"https:\/\/www.standwithukraineeurope.com\/en\/author\/standwithukraine\/\"}]}<\/script>\n<!-- \/ Yoast SEO plugin. -->","yoast_head_json":{"title":"Launch of the campaign \u201cLight for winter\u201d - Stand with Ukraine","description":"C\u2019est pour permettre le peuple ukrainien de passer l\u2019hiver au chaud que Stand With Ukraine\u00a0lance une campagne d\u2019envoi de g\u00e9n\u00e9rateurs \u00e9lectriques permettant au moins de chauffer les b\u00e2timents publics essentiels.","robots":{"index":"index","follow":"follow","max-snippet":"max-snippet:-1","max-image-preview":"max-image-preview:large","max-video-preview":"max-video-preview:-1"},"canonical":"https:\/\/www.standwithukraineeurope.com\/en\/lancement-de-la-campagne-des-lumieres-pour-lhiver\/","og_locale":"en_US","og_type":"article","og_title":"Launch of the campaign \u201cLight for winter\u201d - Stand with Ukraine","og_description":"C\u2019est pour permettre le peuple ukrainien de passer l\u2019hiver au chaud que Stand With Ukraine\u00a0lance une campagne d\u2019envoi de g\u00e9n\u00e9rateurs \u00e9lectriques permettant au moins de chauffer les b\u00e2timents publics essentiels.","og_url":"https:\/\/www.standwithukraineeurope.com\/en\/lancement-de-la-campagne-des-lumieres-pour-lhiver\/","og_site_name":"Stand with Ukraine","article_published_time":"2022-11-22T10:28:13+00:00","article_modified_time":"2024-11-04T10:31:20+00:00","og_image":[{"width":2560,"height":1812,"url":"https:\/\/www.standwithukraineeurope.com\/wp-content\/uploads\/2022\/12\/Kyiv_blackout-scaled.jpg","type":"image\/jpeg"}],"author":"standwithukraine","twitter_card":"summary_large_image","twitter_misc":{"Written by":"standwithukraine","Est. reading time":"2 minutes"},"schema":{"@context":"https:\/\/schema.org","@graph":[{"@type":"Article","@id":"https:\/\/www.standwithukraineeurope.com\/en\/lancement-de-la-campagne-des-lumieres-pour-lhiver\/#article","isPartOf":{"@id":"https:\/\/www.standwithukraineeurope.com\/en\/lancement-de-la-campagne-des-lumieres-pour-lhiver\/"},"author":{"name":"standwithukraine","@id":"https:\/\/www.standwithukraineeurope.com\/en\/#\/schema\/person\/723daefcf3636b8d669d5b2d1634f029"},"headline":"Launch of the campaign \u201cLight for winter\u201d","datePublished":"2022-11-22T10:28:13+00:00","dateModified":"2024-11-04T10:31:20+00:00","mainEntityOfPage":{"@id":"https:\/\/www.standwithukraineeurope.com\/en\/lancement-de-la-campagne-des-lumieres-pour-lhiver\/"},"wordCount":399,"commentCount":0,"image":{"@id":"https:\/\/www.standwithukraineeurope.com\/en\/lancement-de-la-campagne-des-lumieres-pour-lhiver\/#primaryimage"},"thumbnailUrl":"https:\/\/www.standwithukraineeurope.com\/wp-content\/uploads\/2022\/12\/Kyiv_blackout-scaled.jpg","articleSection":["Our actions"],"inLanguage":"en-US","potentialAction":[{"@type":"CommentAction","name":"Comment","target":["https:\/\/www.standwithukraineeurope.com\/en\/lancement-de-la-campagne-des-lumieres-pour-lhiver\/#respond"]}]},{"@type":"WebPage","@id":"https:\/\/www.standwithukraineeurope.com\/en\/lancement-de-la-campagne-des-lumieres-pour-lhiver\/","url":"https:\/\/www.standwithukraineeurope.com\/en\/lancement-de-la-campagne-des-lumieres-pour-lhiver\/","name":"Launch of the campaign \u201cLight for winter\u201d - Stand with Ukraine","isPartOf":{"@id":"https:\/\/www.standwithukraineeurope.com\/en\/#website"},"primaryImageOfPage":{"@id":"https:\/\/www.standwithukraineeurope.com\/en\/lancement-de-la-campagne-des-lumieres-pour-lhiver\/#primaryimage"},"image":{"@id":"https:\/\/www.standwithukraineeurope.com\/en\/lancement-de-la-campagne-des-lumieres-pour-lhiver\/#primaryimage"},"thumbnailUrl":"https:\/\/www.standwithukraineeurope.com\/wp-content\/uploads\/2022\/12\/Kyiv_blackout-scaled.jpg","datePublished":"2022-11-22T10:28:13+00:00","dateModified":"2024-11-04T10:31:20+00:00","author":{"@id":"https:\/\/www.standwithukraineeurope.com\/en\/#\/schema\/person\/723daefcf3636b8d669d5b2d1634f029"},"description":"C\u2019est pour permettre le peuple ukrainien de passer l\u2019hiver au chaud que Stand With Ukraine\u00a0lance une campagne d\u2019envoi de g\u00e9n\u00e9rateurs \u00e9lectriques permettant au moins de chauffer les b\u00e2timents publics essentiels.","inLanguage":"en-US","potentialAction":[{"@type":"ReadAction","target":["https:\/\/www.standwithukraineeurope.com\/en\/lancement-de-la-campagne-des-lumieres-pour-lhiver\/"]}]},{"@type":"ImageObject","inLanguage":"en-US","@id":"https:\/\/www.standwithukraineeurope.com\/en\/lancement-de-la-campagne-des-lumieres-pour-lhiver\/#primaryimage","url":"https:\/\/www.standwithukraineeurope.com\/wp-content\/uploads\/2022\/12\/Kyiv_blackout-scaled.jpg","contentUrl":"https:\/\/www.standwithukraineeurope.com\/wp-content\/uploads\/2022\/12\/Kyiv_blackout-scaled.jpg","width":2560,"height":1812,"caption":"A view shows the city centre without electricity after critical civil infrastructure was hit by a Russian missile attacks in Ukraine, as Russia's invasion of Ukraine continues, in Kyiv, Ukraine October 24, 2022. REUTERS\/Gleb Garanich"},{"@type":"WebSite","@id":"https:\/\/www.standwithukraineeurope.com\/en\/#website","url":"https:\/\/www.standwithukraineeurope.com\/en\/","name":"Stand with Ukraine","description":"Stand with Ukraine","potentialAction":[{"@type":"SearchAction","target":{"@type":"EntryPoint","urlTemplate":"https:\/\/www.standwithukraineeurope.com\/en\/?s={search_term_string}"},"query-input":{"@type":"PropertyValueSpecification","valueRequired":true,"valueName":"search_term_string"}}],"inLanguage":"en-US"},{"@type":"Person","@id":"https:\/\/www.standwithukraineeurope.com\/en\/#\/schema\/person\/723daefcf3636b8d669d5b2d1634f029","name":"standwithukraine","image":{"@type":"ImageObject","inLanguage":"en-US","@id":"https:\/\/www.standwithukraineeurope.com\/en\/#\/schema\/person\/image\/","url":"https:\/\/secure.gravatar.com\/avatar\/d62695009e0a2b094fc51974b4065c7e56724bf6545a037fab63b6665a070687?s=96&d=mm&r=g","contentUrl":"https:\/\/secure.gravatar.com\/avatar\/d62695009e0a2b094fc51974b4065c7e56724bf6545a037fab63b6665a070687?s=96&d=mm&r=g","caption":"standwithukraine"},"sameAs":["https:\/\/www.standwithukraineeurope.com"],"url":"https:\/\/www.standwithukraineeurope.com\/en\/author\/standwithukraine\/"}]}},"_links":{"self":[{"href":"https:\/\/www.standwithukraineeurope.com\/en\/wp-json\/wp\/v2\/posts\/1259","targetHints":{"allow":["GET"]}}],"collection":[{"href":"https:\/\/www.standwithukraineeurope.com\/en\/wp-json\/wp\/v2\/posts"}],"about":[{"href":"https:\/\/www.standwithukraineeurope.com\/en\/wp-json\/wp\/v2\/types\/post"}],"author":[{"embeddable":true,"href":"https:\/\/www.standwithukraineeurope.com\/en\/wp-json\/wp\/v2\/users\/1"}],"replies":[{"embeddable":true,"href":"https:\/\/www.standwithukraineeurope.com\/en\/wp-json\/wp\/v2\/comments?post=1259"}],"version-history":[{"count":1,"href":"https:\/\/www.standwithukraineeurope.com\/en\/wp-json\/wp\/v2\/posts\/1259\/revisions"}],"predecessor-version":[{"id":1260,"href":"https:\/\/www.standwithukraineeurope.com\/en\/wp-json\/wp\/v2\/posts\/1259\/revisions\/1260"}],"wp:featuredmedia":[{"embeddable":true,"href":"https:\/\/www.standwithukraineeurope.com\/en\/wp-json\/wp\/v2\/media\/948"}],"wp:attachment":[{"href":"https:\/\/www.standwithukraineeurope.com\/en\/wp-json\/wp\/v2\/media?parent=1259"}],"wp:term":[{"taxonomy":"category","embeddable":true,"href":"https:\/\/www.standwithukraineeurope.com\/en\/wp-json\/wp\/v2\/categories?post=1259"},{"taxonomy":"post_tag","embeddable":true,"href":"https:\/\/www.standwithukraineeurope.com\/en\/wp-json\/wp\/v2\/tags?post=1259"}],"curies":[{"name":"wp","href":"https:\/\/api.w.org\/{rel}","templated":true}]}}